{"id":23286,"date":"2025-01-30T17:37:50","date_gmt":"2025-01-30T20:37:50","guid":{"rendered":"https:\/\/www.todxs.com.ar\/radio\/?p=23286"},"modified":"2025-01-30T17:37:50","modified_gmt":"2025-01-30T20:37:50","slug":"estados-unidos-gobierno-estadounidense-planea-enviar-migrantes-deportados-a-base-naval-de-guantanamo","status":"publish","type":"post","link":"https:\/\/www.todxs.com.ar\/radio\/estados-unidos-gobierno-estadounidense-planea-enviar-migrantes-deportados-a-base-naval-de-guantanamo\/","title":{"rendered":"Estados Unidos. Gobierno estadounidense planea enviar migrantes deportados a base naval de Guant\u00e1namo"},"content":{"rendered":"<p>El presidente de Cuba, Miguel D\u00edaz-Canel, consider\u00f3 como \u201cun acto de brutalidad\u201d el anuncio de Estados Unidos sobre el posible encarcelamiento de miles de migrantes deportados en la base naval de Guant\u00e1namo.<\/p>\n<p>El presidente de Cuba, Miguel D\u00edaz-Canel, consider\u00f3 como \u201cun acto de brutalidad\u201d la intenci\u00f3n del nuevo gobierno de Estados Unidos de encarcelar a los migrantes expulsados de manera forzosa en la base naval de Guant\u00e1namo.<\/p>\n<p>A trav\u00e9s de un mensaje publicado en su cuenta de la plataforma X, el jefe de Estado denunci\u00f3 que miles de migrantes deportados ser\u00e1n ubicados junto a las conocidas c\u00e1rceles de tortura y detenci\u00f3n ilegal.<\/p>\n<p>La secretaria de Seguridad Nacional de Estados Unidos, Kristi Noem, revel\u00f3 el mi\u00e9rcoles los planes del gobierno para ubicar a migrantes deportados que son rechazados por sus pa\u00edses de origen, en la base naval de Guant\u00e1namo.<\/p>\n<p>Durante una entrevista con la cadena Fox News, la titular dijo que el gobierno de Donald Trump eval\u00faa en este momento c\u00f3mo utilizar todos sus recursos para mantener a Estados Unidos seguro.<\/p>\n<p>La base naval de Guant\u00e1namo est\u00e1 enclavada en una porci\u00f3n de territorio ocupado al oriente de Cuba, su reclusorio abri\u00f3 en 2002 bajo el mandato del expresidente George W. Bush para retener a acusados de terrorismo y es blanco de denuncias por violaci\u00f3n de los derechos humanos.<\/p>\n<p>Resumen Latinoamericano.<\/p>\n","protected":false},"excerpt":{"rendered":"<p>El presidente de Cuba, Miguel D\u00edaz-Canel, consider\u00f3 como \u201cun acto de brutalidad\u201d el anuncio de Estados Unidos sobre el posible encarcelamiento de miles de migrantes deportados en la base naval de Guant\u00e1namo. El presidente de Cuba, Miguel D\u00edaz-Canel, consider\u00f3 como \u201cun acto de brutalidad\u201d la intenci\u00f3n del nuevo gobierno de Estados Unidos de encarcelar a [&hellip;]<\/p>\n","protected":false},"author":3,"featured_media":23287,"comment_status":"open","ping_status":"open","sticky":false,"template":"","format":"standard","meta":{"footnotes":""},"categories":[8],"tags":[],"class_list":["post-23286","post","type-post","status-publish","format-standard","has-post-thumbnail","hentry","category-internacionales"],"yoast_head":"<!-- This site is optimized with the Yoast SEO plugin v24.4 - https:\/\/yoast.com\/wordpress\/plugins\/seo\/ -->\n<title>Estados Unidos. Gobierno estadounidense planea enviar migrantes deportados a base naval de Guant\u00e1namo &#8212; RadioTodxs<\/title>\n<meta name=\"robots\" content=\"index, follow, max-snippet:-1, max-image-preview:large, max-video-preview:-1\" \/>\n<link rel=\"canonical\" href=\"https:\/\/www.todxs.com.ar\/radio\/estados-unidos-gobierno-estadounidense-planea-enviar-migrantes-deportados-a-base-naval-de-guantanamo\/\" \/>\n<meta property=\"og:locale\" content=\"es_ES\" \/>\n<meta property=\"og:type\" content=\"article\" \/>\n<meta property=\"og:title\" content=\"Estados Unidos. Gobierno estadounidense planea enviar migrantes deportados a base naval de Guant\u00e1namo &#8212; RadioTodxs\" \/>\n<meta property=\"og:description\" content=\"El presidente de Cuba, Miguel D\u00edaz-Canel, consider\u00f3 como \u201cun acto de brutalidad\u201d el anuncio de Estados Unidos sobre el posible encarcelamiento de miles de migrantes deportados en la base naval de Guant\u00e1namo. El presidente de Cuba, Miguel D\u00edaz-Canel, consider\u00f3 como \u201cun acto de brutalidad\u201d la intenci\u00f3n del nuevo gobierno de Estados Unidos de encarcelar a [&hellip;]\" \/>\n<meta property=\"og:url\" content=\"https:\/\/www.todxs.com.ar\/radio\/estados-unidos-gobierno-estadounidense-planea-enviar-migrantes-deportados-a-base-naval-de-guantanamo\/\" \/>\n<meta property=\"og:site_name\" content=\"RadioTodxs\" \/>\n<meta property=\"article:published_time\" content=\"2025-01-30T20:37:50+00:00\" \/>\n<meta property=\"og:image\" content=\"https:\/\/www.todxs.com.ar\/radio\/wp-content\/uploads\/2025\/01\/6ff14b7f-4da1-44c1-91ea-6e5c8619092b.jpg\" \/>\n\t<meta property=\"og:image:width\" content=\"1000\" \/>\n\t<meta property=\"og:image:height\" content=\"696\" \/>\n\t<meta property=\"og:image:type\" content=\"image\/jpeg\" \/>\n<meta name=\"author\" content=\"contenidos\" \/>\n<meta name=\"twitter:card\" content=\"summary_large_image\" \/>\n<meta name=\"twitter:label1\" content=\"Escrito por\" \/>\n\t<meta name=\"twitter:data1\" content=\"contenidos\" \/>\n\t<meta name=\"twitter:label2\" content=\"Tiempo de lectura\" \/>\n\t<meta name=\"twitter:data2\" content=\"2 minutos\" \/>\n<script type=\"application\/ld+json\" class=\"yoast-schema-graph\">{\"@context\":\"https:\/\/schema.org\",\"@graph\":[{\"@type\":\"WebPage\",\"@id\":\"https:\/\/www.todxs.com.ar\/radio\/estados-unidos-gobierno-estadounidense-planea-enviar-migrantes-deportados-a-base-naval-de-guantanamo\/\",\"url\":\"https:\/\/www.todxs.com.ar\/radio\/estados-unidos-gobierno-estadounidense-planea-enviar-migrantes-deportados-a-base-naval-de-guantanamo\/\",\"name\":\"Estados Unidos. Gobierno estadounidense planea enviar migrantes deportados a base naval de Guant\u00e1namo &#8212; RadioTodxs\",\"isPartOf\":{\"@id\":\"https:\/\/www.todxs.com.ar\/radio\/#website\"},\"primaryImageOfPage\":{\"@id\":\"https:\/\/www.todxs.com.ar\/radio\/estados-unidos-gobierno-estadounidense-planea-enviar-migrantes-deportados-a-base-naval-de-guantanamo\/#primaryimage\"},\"image\":{\"@id\":\"https:\/\/www.todxs.com.ar\/radio\/estados-unidos-gobierno-estadounidense-planea-enviar-migrantes-deportados-a-base-naval-de-guantanamo\/#primaryimage\"},\"thumbnailUrl\":\"https:\/\/www.todxs.com.ar\/radio\/wp-content\/uploads\/2025\/01\/6ff14b7f-4da1-44c1-91ea-6e5c8619092b.jpg\",\"datePublished\":\"2025-01-30T20:37:50+00:00\",\"author\":{\"@id\":\"https:\/\/www.todxs.com.ar\/radio\/#\/schema\/person\/624237eaff965c0421456ddabc98e2d9\"},\"breadcrumb\":{\"@id\":\"https:\/\/www.todxs.com.ar\/radio\/estados-unidos-gobierno-estadounidense-planea-enviar-migrantes-deportados-a-base-naval-de-guantanamo\/#breadcrumb\"},\"inLanguage\":\"es\",\"potentialAction\":[{\"@type\":\"ReadAction\",\"target\":[\"https:\/\/www.todxs.com.ar\/radio\/estados-unidos-gobierno-estadounidense-planea-enviar-migrantes-deportados-a-base-naval-de-guantanamo\/\"]}]},{\"@type\":\"ImageObject\",\"inLanguage\":\"es\",\"@id\":\"https:\/\/www.todxs.com.ar\/radio\/estados-unidos-gobierno-estadounidense-planea-enviar-migrantes-deportados-a-base-naval-de-guantanamo\/#primaryimage\",\"url\":\"https:\/\/www.todxs.com.ar\/radio\/wp-content\/uploads\/2025\/01\/6ff14b7f-4da1-44c1-91ea-6e5c8619092b.jpg\",\"contentUrl\":\"https:\/\/www.todxs.com.ar\/radio\/wp-content\/uploads\/2025\/01\/6ff14b7f-4da1-44c1-91ea-6e5c8619092b.jpg\",\"width\":1000,\"height\":696},{\"@type\":\"BreadcrumbList\",\"@id\":\"https:\/\/www.todxs.com.ar\/radio\/estados-unidos-gobierno-estadounidense-planea-enviar-migrantes-deportados-a-base-naval-de-guantanamo\/#breadcrumb\",\"itemListElement\":[{\"@type\":\"ListItem\",\"position\":1,\"name\":\"Portada\",\"item\":\"https:\/\/www.todxs.com.ar\/radio\/\"},{\"@type\":\"ListItem\",\"position\":2,\"name\":\"Estados Unidos. Gobierno estadounidense planea enviar migrantes deportados a base naval de Guant\u00e1namo\"}]},{\"@type\":\"WebSite\",\"@id\":\"https:\/\/www.todxs.com.ar\/radio\/#website\",\"url\":\"https:\/\/www.todxs.com.ar\/radio\/\",\"name\":\"RadioTodxs\",\"description\":\"El aire es nuestro.\",\"potentialAction\":[{\"@type\":\"SearchAction\",\"target\":{\"@type\":\"EntryPoint\",\"urlTemplate\":\"https:\/\/www.todxs.com.ar\/radio\/?s={search_term_string}\"},\"query-input\":{\"@type\":\"PropertyValueSpecification\",\"valueRequired\":true,\"valueName\":\"search_term_string\"}}],\"inLanguage\":\"es\"},{\"@type\":\"Person\",\"@id\":\"https:\/\/www.todxs.com.ar\/radio\/#\/schema\/person\/624237eaff965c0421456ddabc98e2d9\",\"name\":\"contenidos\",\"image\":{\"@type\":\"ImageObject\",\"inLanguage\":\"es\",\"@id\":\"https:\/\/www.todxs.com.ar\/radio\/#\/schema\/person\/image\/\",\"url\":\"https:\/\/secure.gravatar.com\/avatar\/ea906422cef7fb483897cc09d48ae94f8c25ff1e4ac79e0ffe5fd6984e7c35c7?s=96&d=mm&r=g\",\"contentUrl\":\"https:\/\/secure.gravatar.com\/avatar\/ea906422cef7fb483897cc09d48ae94f8c25ff1e4ac79e0ffe5fd6984e7c35c7?s=96&d=mm&r=g\",\"caption\":\"contenidos\"},\"url\":\"https:\/\/www.todxs.com.ar\/radio\/author\/contenidos\/\"}]}<\/script>\n<!-- \/ Yoast SEO plugin. -->","yoast_head_json":{"title":"Estados Unidos. Gobierno estadounidense planea enviar migrantes deportados a base naval de Guant\u00e1namo &#8212; RadioTodxs","robots":{"index":"index","follow":"follow","max-snippet":"max-snippet:-1","max-image-preview":"max-image-preview:large","max-video-preview":"max-video-preview:-1"},"canonical":"https:\/\/www.todxs.com.ar\/radio\/estados-unidos-gobierno-estadounidense-planea-enviar-migrantes-deportados-a-base-naval-de-guantanamo\/","og_locale":"es_ES","og_type":"article","og_title":"Estados Unidos. Gobierno estadounidense planea enviar migrantes deportados a base naval de Guant\u00e1namo &#8212; RadioTodxs","og_description":"El presidente de Cuba, Miguel D\u00edaz-Canel, consider\u00f3 como \u201cun acto de brutalidad\u201d el anuncio de Estados Unidos sobre el posible encarcelamiento de miles de migrantes deportados en la base naval de Guant\u00e1namo. El presidente de Cuba, Miguel D\u00edaz-Canel, consider\u00f3 como \u201cun acto de brutalidad\u201d la intenci\u00f3n del nuevo gobierno de Estados Unidos de encarcelar a [&hellip;]","og_url":"https:\/\/www.todxs.com.ar\/radio\/estados-unidos-gobierno-estadounidense-planea-enviar-migrantes-deportados-a-base-naval-de-guantanamo\/","og_site_name":"RadioTodxs","article_published_time":"2025-01-30T20:37:50+00:00","og_image":[{"width":1000,"height":696,"url":"https:\/\/www.todxs.com.ar\/radio\/wp-content\/uploads\/2025\/01\/6ff14b7f-4da1-44c1-91ea-6e5c8619092b.jpg","type":"image\/jpeg"}],"author":"contenidos","twitter_card":"summary_large_image","twitter_misc":{"Escrito por":"contenidos","Tiempo de lectura":"2 minutos"},"schema":{"@context":"https:\/\/schema.org","@graph":[{"@type":"WebPage","@id":"https:\/\/www.todxs.com.ar\/radio\/estados-unidos-gobierno-estadounidense-planea-enviar-migrantes-deportados-a-base-naval-de-guantanamo\/","url":"https:\/\/www.todxs.com.ar\/radio\/estados-unidos-gobierno-estadounidense-planea-enviar-migrantes-deportados-a-base-naval-de-guantanamo\/","name":"Estados Unidos. Gobierno estadounidense planea enviar migrantes deportados a base naval de Guant\u00e1namo &#8212; RadioTodxs","isPartOf":{"@id":"https:\/\/www.todxs.com.ar\/radio\/#website"},"primaryImageOfPage":{"@id":"https:\/\/www.todxs.com.ar\/radio\/estados-unidos-gobierno-estadounidense-planea-enviar-migrantes-deportados-a-base-naval-de-guantanamo\/#primaryimage"},"image":{"@id":"https:\/\/www.todxs.com.ar\/radio\/estados-unidos-gobierno-estadounidense-planea-enviar-migrantes-deportados-a-base-naval-de-guantanamo\/#primaryimage"},"thumbnailUrl":"https:\/\/www.todxs.com.ar\/radio\/wp-content\/uploads\/2025\/01\/6ff14b7f-4da1-44c1-91ea-6e5c8619092b.jpg","datePublished":"2025-01-30T20:37:50+00:00","author":{"@id":"https:\/\/www.todxs.com.ar\/radio\/#\/schema\/person\/624237eaff965c0421456ddabc98e2d9"},"breadcrumb":{"@id":"https:\/\/www.todxs.com.ar\/radio\/estados-unidos-gobierno-estadounidense-planea-enviar-migrantes-deportados-a-base-naval-de-guantanamo\/#breadcrumb"},"inLanguage":"es","potentialAction":[{"@type":"ReadAction","target":["https:\/\/www.todxs.com.ar\/radio\/estados-unidos-gobierno-estadounidense-planea-enviar-migrantes-deportados-a-base-naval-de-guantanamo\/"]}]},{"@type":"ImageObject","inLanguage":"es","@id":"https:\/\/www.todxs.com.ar\/radio\/estados-unidos-gobierno-estadounidense-planea-enviar-migrantes-deportados-a-base-naval-de-guantanamo\/#primaryimage","url":"https:\/\/www.todxs.com.ar\/radio\/wp-content\/uploads\/2025\/01\/6ff14b7f-4da1-44c1-91ea-6e5c8619092b.jpg","contentUrl":"https:\/\/www.todxs.com.ar\/radio\/wp-content\/uploads\/2025\/01\/6ff14b7f-4da1-44c1-91ea-6e5c8619092b.jpg","width":1000,"height":696},{"@type":"BreadcrumbList","@id":"https:\/\/www.todxs.com.ar\/radio\/estados-unidos-gobierno-estadounidense-planea-enviar-migrantes-deportados-a-base-naval-de-guantanamo\/#breadcrumb","itemListElement":[{"@type":"ListItem","position":1,"name":"Portada","item":"https:\/\/www.todxs.com.ar\/radio\/"},{"@type":"ListItem","position":2,"name":"Estados Unidos. Gobierno estadounidense planea enviar migrantes deportados a base naval de Guant\u00e1namo"}]},{"@type":"WebSite","@id":"https:\/\/www.todxs.com.ar\/radio\/#website","url":"https:\/\/www.todxs.com.ar\/radio\/","name":"RadioTodxs","description":"El aire es nuestro.","potentialAction":[{"@type":"SearchAction","target":{"@type":"EntryPoint","urlTemplate":"https:\/\/www.todxs.com.ar\/radio\/?s={search_term_string}"},"query-input":{"@type":"PropertyValueSpecification","valueRequired":true,"valueName":"search_term_string"}}],"inLanguage":"es"},{"@type":"Person","@id":"https:\/\/www.todxs.com.ar\/radio\/#\/schema\/person\/624237eaff965c0421456ddabc98e2d9","name":"contenidos","image":{"@type":"ImageObject","inLanguage":"es","@id":"https:\/\/www.todxs.com.ar\/radio\/#\/schema\/person\/image\/","url":"https:\/\/secure.gravatar.com\/avatar\/ea906422cef7fb483897cc09d48ae94f8c25ff1e4ac79e0ffe5fd6984e7c35c7?s=96&d=mm&r=g","contentUrl":"https:\/\/secure.gravatar.com\/avatar\/ea906422cef7fb483897cc09d48ae94f8c25ff1e4ac79e0ffe5fd6984e7c35c7?s=96&d=mm&r=g","caption":"contenidos"},"url":"https:\/\/www.todxs.com.ar\/radio\/author\/contenidos\/"}]}},"_links":{"self":[{"href":"https:\/\/www.todxs.com.ar\/radio\/wp-json\/wp\/v2\/posts\/23286","targetHints":{"allow":["GET"]}}],"collection":[{"href":"https:\/\/www.todxs.com.ar\/radio\/wp-json\/wp\/v2\/posts"}],"about":[{"href":"https:\/\/www.todxs.com.ar\/radio\/wp-json\/wp\/v2\/types\/post"}],"author":[{"embeddable":true,"href":"https:\/\/www.todxs.com.ar\/radio\/wp-json\/wp\/v2\/users\/3"}],"replies":[{"embeddable":true,"href":"https:\/\/www.todxs.com.ar\/radio\/wp-json\/wp\/v2\/comments?post=23286"}],"version-history":[{"count":1,"href":"https:\/\/www.todxs.com.ar\/radio\/wp-json\/wp\/v2\/posts\/23286\/revisions"}],"predecessor-version":[{"id":23288,"href":"https:\/\/www.todxs.com.ar\/radio\/wp-json\/wp\/v2\/posts\/23286\/revisions\/23288"}],"wp:featuredmedia":[{"embeddable":true,"href":"https:\/\/www.todxs.com.ar\/radio\/wp-json\/wp\/v2\/media\/23287"}],"wp:attachment":[{"href":"https:\/\/www.todxs.com.ar\/radio\/wp-json\/wp\/v2\/media?parent=23286"}],"wp:term":[{"taxonomy":"category","embeddable":true,"href":"https:\/\/www.todxs.com.ar\/radio\/wp-json\/wp\/v2\/categories?post=23286"},{"taxonomy":"post_tag","embeddable":true,"href":"https:\/\/www.todxs.com.ar\/radio\/wp-json\/wp\/v2\/tags?post=23286"}],"curies":[{"name":"wp","href":"https:\/\/api.w.org\/{rel}","templated":true}]}}